{"id":7375,"date":"2022-04-04T11:38:24","date_gmt":"2022-04-04T09:38:24","guid":{"rendered":"https:\/\/architecture.gravor.com\/?p=7375"},"modified":"2023-05-16T10:39:40","modified_gmt":"2023-05-16T08:39:40","slug":"boutique-dior","status":"publish","type":"post","link":"https:\/\/www.gravor.com\/en\/boutique-dior\/","title":{"rendered":"La boutique Dior 30 Avenue Montaigne"},"content":{"rendered":"<h2 class=\"wp-block-heading\" data-block-type=\"core\">La boutique Dior 30 Montaigne, <a href=\"https:\/\/architecture.gravor.com\/\" data-type=\"URL\" data-id=\"https:\/\/architecture.gravor.com\/\" target=\"_blank\" rel=\"noreferrer noopener\">un r\u00eave \u00e0 nouveau \u00e9veill\u00e9<\/a><\/h2>\n\n\n\n<h4 class=\"wp-block-heading\" data-block-type=\"core\">Apr\u00e8s plus de deux ans de r\u00e9novation, la&nbsp;<strong>boutique Dior 30 Avenue Montaigne<\/strong>&nbsp;rouvre ses portes aux passionn\u00e9s de mode. Les c\u00e9l\u00e8bres ateliers du Couturier Christian Dior accueillent \u00e0 nouveau du public.<\/h4>\n\n\n\n<h4 class=\"wp-block-heading\" data-block-type=\"core\">Les&nbsp;<strong>curieux&nbsp;<\/strong>pourront profiter des pi\u00e8ces iconiques dans la boutique, tandis que les plus&nbsp;<strong>admiratifs&nbsp;<\/strong>se laisseront \u00e9merveill\u00e9s par la beaut\u00e9 des&nbsp;<strong>13 salles d\u2019exposition de La Galerie Dior<\/strong>, situ\u00e9e 11 Rue Fran\u00e7ois 1er, \u00e0 Paris.<\/h4>\n\n\n\n<div style=\"height:17px\" aria-hidden=\"true\" class=\"wp-block-spacer\" data-block-type=\"core\"><\/div>\n\n\n\n<h2 class=\"wp-block-heading\" data-block-type=\"core\">L\u2019histoire du 30 Avenue Montaigne<\/h2>\n\n\n\n<p data-block-type=\"core\">Ce f\u00fbt une <strong>\u00e9vidence <\/strong>pour Christian Dior. En 1946, il tomba sous le charme de cet <strong>h\u00f4tel particulier au c\u0153ur de Paris<\/strong>. Il succomba \u00e0 sa <strong>fa\u00e7ade n\u00e9oclassique<\/strong> et aux courbes raffin\u00e9es du b\u00e2timent. Il est alors devenu l\u2019heureux propri\u00e9taire de cette immense b\u00e2tisse, situ\u00e9e dans un emplacement privil\u00e9gi\u00e9 pour d\u00e9velopper ses activit\u00e9s. L&rsquo;immeuble sur plusieurs \u00e9tages laissent alors place aux<strong> ateliers de la<\/strong> <strong>Maison de Couture<\/strong> dans lesquels <strong>s&rsquo;entrem\u00ealent couturi\u00e8res, tissus, accessoires et mannequins<\/strong>. <\/p>\n\n\n\n<p data-block-type=\"core\">Les ateliers \u00e9taient situ\u00e9s non loin d&rsquo;h\u00f4tels prestigieux o\u00f9 Christian Dior pouvait trouver de nouvelles silhouettes \u00e0 habiller. C\u2019est ainsi que les premi\u00e8res collections ont vu le jour et que le <strong>mythe Dior<\/strong> s\u2019est install\u00e9 dans le <strong>paysage international de la mode<\/strong>.<\/p>\n\n\n\n<div style=\"height:17px\" aria-hidden=\"true\" class=\"wp-block-spacer\" data-block-type=\"core\"><\/div>\n\n\n\n<h2 class=\"wp-block-heading\" data-block-type=\"core\"><strong>Des ateliers mythiques<\/strong><\/h2>\n\n\n\n<p class=\"has-text-align-left\" data-block-type=\"core\">Christian Dior accordait une grande importance \u00e0 la d\u00e9coration des espaces et des ateliers. Ils \u00e9taient donc \u00e0 son image : <strong>simples et classes<\/strong>. Au centre des ateliers se trouve un <strong>escalier<\/strong>, \u00e9l\u00e9ment <strong>l\u00e9gendaire <\/strong>du 30 Montaigne. Pour pallier le manque de recul du studio, Christian Dior et ses \u00e9quipes avaient pour habitude de se disperser sur le palier et dans les marches de l\u2019escalier.<\/p>\n\n\n\n<p class=\"has-text-align-left\" data-block-type=\"core\">C\u2019est d\u2019ailleurs ici que les <strong>premi\u00e8res collections Dior <\/strong>ont \u00e9t\u00e9 port\u00e9es lors du d\u00e9fil\u00e9 dans la Maison de Couture. Pourtant, quatre jours apr\u00e8s, ces m\u00eames escaliers \u00e9taient envahis par la manifestation des couturi\u00e8res d\u2019une autre maison de couture, qui souhaitent l\u2019arr\u00eat des ateliers Dior par solidarit\u00e9.&nbsp;&nbsp;<\/p>\n\n\n\n<p class=\"has-text-align-left\" data-block-type=\"core\">Au fur et \u00e0 mesure des ann\u00e9es, la modeste Maison de Couture Dior s\u2018est transform\u00e9e en un <strong>b\u00e2timent de 5 immeubles<\/strong>, comportant<strong> 28 ateliers<\/strong> et plus de <strong>mille employ\u00e9s<\/strong>.&nbsp;<\/p>\n\n\n\n<figure class=\"wp-block-gallery has-nested-images columns-default is-cropped wp-block-gallery-2 is-layout-flex wp-block-gallery-is-layout-flex\" data-block-type=\"core\">\n<figure class=\"wp-block-image size-large is-style-rounded\" data-block-type=\"core\"><img decoding=\"async\" data-id=\"7398\" src=\"https:\/\/architecture.gravor.com\/wp-content\/uploads\/2022\/04\/Atelier-1-768x1024.jpg\" alt=\"\" class=\"wp-image-7398\" title=\"\"><\/figure>\n\n\n\n<figure class=\"wp-block-image size-large is-style-rounded\" data-block-type=\"core\"><img decoding=\"async\" data-id=\"7400\" src=\"https:\/\/architecture.gravor.com\/wp-content\/uploads\/2022\/04\/Escalier-768x1024.jpg\" alt=\"\" class=\"wp-image-7400\" title=\"\"><\/figure>\n<\/figure>\n\n\n\n<div style=\"height:17px\" aria-hidden=\"true\" class=\"wp-block-spacer\" data-block-type=\"core\"><\/div>\n\n\n\n<h2 class=\"wp-block-heading\" data-block-type=\"core\"><strong>La Galerie Dior<\/strong><\/h2>\n\n\n\n<div class=\"wp-block-media-text alignwide is-stacked-on-mobile\" data-block-type=\"core\"><figure class=\"wp-block-media-text__media\"><img decoding=\"async\" src=\"https:\/\/architecture.gravor.com\/wp-content\/uploads\/2022\/04\/article-photo-dior-1024x724.jpg\" alt=\"\" class=\"wp-image-7417 size-full\" title=\"\"><\/figure><div class=\"wp-block-media-text__content\">\n<p data-block-type=\"core\">Au c\u0153ur de ses ateliers se trouve un somptueux spectacle. Le <strong>New Look by Christian Dior<\/strong> a vu le jour en 1946 dans ces espaces riches en cr\u00e9ation et inspiration. La Galerie Dior a ouvert ses portes en mars 2022 en hommage \u00e0 Monsieur Dior afin d&rsquo;exposer aux yeux de tous son <strong>talent<\/strong>. Les visiteurs du monde entier peuvent d\u00e9sormais admirer l&rsquo;<strong>\u0153uvre du Couturier <\/strong>en allant \u00e0 la rencontre de ses <strong>cr\u00e9ations <\/strong>et en s&rsquo;impr\u00e9gnant de son <strong>art<\/strong>.<\/p>\n\n\n\n<p data-block-type=\"core\"><strong>13 salles<\/strong> ont \u00e9t\u00e9 cr\u00e9\u00e9es pour exposer les pi\u00e8ces de haute-couture sur plus de <strong>10 000 m\u00e8tres carr\u00e9s<\/strong>. Chacune d&rsquo;elle offre une <strong>nouvelle exp\u00e9rience magique<\/strong> o\u00f9 s&rsquo;entrem\u00ealent <strong>\u00e9l\u00e9gance <\/strong>et <strong>style<\/strong>. Les visiteurs peuvent alors admirer les <strong>pi\u00e8ces de haute-couture<\/strong>, les <strong>tenues de d\u00e9fil\u00e9s<\/strong> port\u00e9es par les plus grandes personnalit\u00e9s, ou encore les <strong>accessoires <\/strong>et les <strong>parfums <\/strong>cr\u00e9\u00e9s par le couturier.<\/p>\n<\/div><\/div>\n\n\n\n<div style=\"height:17px\" aria-hidden=\"true\" class=\"wp-block-spacer\" data-block-type=\"core\"><\/div>\n\n\n\n<h2 class=\"wp-block-heading\" data-block-type=\"core\"><strong>Le savoir-faire de Grav\u2019Or au 30 Avenue Montaigne<\/strong><\/h2>\n\n\n\n<p class=\"has-text-align-center\" data-block-type=\"core\"><strong>Dior a collabor\u00e9 avec Grav\u2019Or<\/strong> pour r\u00e9aliser les <strong>vitrines de la boutique<\/strong> pr\u00e8s des Champs-Elys\u00e9es. Grav\u2019Or a cr\u00e9\u00e9 tous les <strong>verres<\/strong> pour les vitrines du 30 Avenue Montaigne <a href=\"https:\/\/agencement.gravor.com\/devis-en-ligne-pour-un-produit-sur-mesure\/\" data-type=\"URL\" data-id=\"https:\/\/agencement.gravor.com\/devis-en-ligne-pour-un-produit-sur-mesure\/\" target=\"_blank\" rel=\"noreferrer noopener\"><strong>sur-mesure<\/strong>.<\/a> L\u2019objectif \u00e9tait avant tout de <strong>prot\u00e9ger les produits<\/strong> dans les vitrines et<strong> procurer une \u00e9motion <\/strong>au client lors de son aventure dans ce fabuleux endroit. La miroiterie a donc propos\u00e9 un <strong>verre tremp\u00e9<\/strong>, aussi appel\u00e9 verre s\u00e9curis\u00e9, un <strong>fa\u00e7onnage <\/strong>qui rend le verre <strong>incassable<\/strong>. Ainsi, il r\u00e9siste \u00e0 tous les chocs qu\u2019il pourrait subir. <\/p>\n\n\n\n<p class=\"has-text-align-center\" data-block-type=\"core\">Les vitrines ont \u00e9t\u00e9 pens\u00e9es et adapt\u00e9es pour ne pas cr\u00e9er de reflets sur les produits et pour qu\u2019elles puissent \u00eatre travers\u00e9es par la <strong>lumi\u00e8re <\/strong>et les \u00e9clairages de la boutique. Au-del\u00e0 du sens pratique, les vitrines sont en <strong>verre extra-clair <\/strong>pour laisser appara\u00eetre tous les d\u00e9tails des pi\u00e8ces et apporter encore plus <strong>de prestige et d\u2019\u00e9l\u00e9gance<\/strong> \u00e0 celles-ci. <\/p>\n\n\n\n<p class=\"has-text-align-center\" data-block-type=\"core\">L\u2019entreprise <strong>Grav\u2019Or est fi\u00e8re <\/strong>de pr\u00e9senter ses cr\u00e9ations r\u00e9alis\u00e9es pour une marque embl\u00e9matique de la mode et du luxe.<\/p>\n\n\n\n<p data-block-type=\"core\"><\/p>","protected":false},"excerpt":{"rendered":"<p>La boutique Dior 30 Montaigne, un r\u00eave \u00e0 nouveau \u00e9veill\u00e9 Apr\u00e8s plus de deux ans de r\u00e9novation, la&nbsp;boutique Dior 30 Avenue Montaigne&nbsp;rouvre ses portes aux passionn\u00e9s de mode. Les c\u00e9l\u00e8bres ateliers du Couturier Christian Dior accueillent \u00e0 nouveau du public. Les&nbsp;curieux&nbsp;pourront profiter des pi\u00e8ces iconiques dans la boutique, tandis que les plus&nbsp;admiratifs&nbsp;se laisseront \u00e9merveill\u00e9s par [&hellip;]<\/p>\n","protected":false},"author":6,"featured_media":7921,"comment_status":"closed","ping_status":"closed","sticky":false,"template":"","format":"standard","meta":{"footnotes":""},"categories":[24],"tags":[],"class_list":["post-7375","post","type-post","status-publish","format-standard","has-post-thumbnail","hentry","category-actualite"],"blocksy_meta":[],"_links":{"self":[{"href":"https:\/\/www.gravor.com\/en\/wp-json\/wp\/v2\/posts\/7375","targetHints":{"allow":["GET"]}}],"collection":[{"href":"https:\/\/www.gravor.com\/en\/wp-json\/wp\/v2\/posts"}],"about":[{"href":"https:\/\/www.gravor.com\/en\/wp-json\/wp\/v2\/types\/post"}],"author":[{"embeddable":true,"href":"https:\/\/www.gravor.com\/en\/wp-json\/wp\/v2\/users\/6"}],"replies":[{"embeddable":true,"href":"https:\/\/www.gravor.com\/en\/wp-json\/wp\/v2\/comments?post=7375"}],"version-history":[{"count":0,"href":"https:\/\/www.gravor.com\/en\/wp-json\/wp\/v2\/posts\/7375\/revisions"}],"wp:featuredmedia":[{"embeddable":true,"href":"https:\/\/www.gravor.com\/en\/wp-json\/wp\/v2\/media\/7921"}],"wp:attachment":[{"href":"https:\/\/www.gravor.com\/en\/wp-json\/wp\/v2\/media?parent=7375"}],"wp:term":[{"taxonomy":"category","embeddable":true,"href":"https:\/\/www.gravor.com\/en\/wp-json\/wp\/v2\/categories?post=7375"},{"taxonomy":"post_tag","embeddable":true,"href":"https:\/\/www.gravor.com\/en\/wp-json\/wp\/v2\/tags?post=7375"}],"curies":[{"name":"wp","href":"https:\/\/api.w.org\/{rel}","templated":true}]}}